{"id":8373,"date":"2007-06-20T12:00:02","date_gmt":"2007-06-20T11:00:02","guid":{"rendered":"http:\/\/www.vize.cz\/\/the-vize-97-foundation-award-was-presented-during-the-closing-ceremony-of-the-golden-prague-international-television-festival\/"},"modified":"2007-06-20T12:00:02","modified_gmt":"2007-06-20T11:00:02","slug":"the-vize-97-foundation-award-was-presented-during-the-closing-ceremony-of-the-golden-prague-international-television-festival","status":"publish","type":"post","link":"https:\/\/www.vize.cz\/en\/the-vize-97-foundation-award-was-presented-during-the-closing-ceremony-of-the-golden-prague-international-television-festival\/","title":{"rendered":"The VIZE 97 Foundation Award was presented during the closing ceremony of the Golden Prague International Television Festival"},"content":{"rendered":"<p>On 20th June, the \u017dof\u00edn Palace hosted many significant guests, including the Chairwoman of the Board of Trustees, Mrs Dagmar Havlov\u00e1. Upon this occasion, prizes were awarded in the great hall to the best films in the 44th year of the Golden Prague International Television Festival and at the same time the evening was also the festival\u2019s closing ceremony. Mrs Havlov\u00e1 presented one of the evening\u2019s prizes, that being the VIZE 97 Foundation Award. Dagmar and V\u00e1clav Havel\u2019s VIZE 97 Foundation has participated in the festival since 2002 and the prize was presented for the sixth time. The creators of the winning film \u201cDance for All\u201d received not only a diploma, but also a symbolic cheque at the amount of 20,000 CZK. The money should assist the artists in their further work and it should also provide moral support for television and film art.<\/p>\n<p>The film awarded the VIZE 97 Foundation:<br \/>\n<br \/>Dance for All<br \/>\n<br \/>Germany, directors: Elena Bromund and Viviane Blumenschein, camera: Franz Lustig<\/p>\n<p>The documentary by the ZDF\/Arte company and InsideOutFilm brings an inspiring optimistic report to an often depressing picture of our world. There are still people who are able to enchant others with their example and to thus give their lives new content and goals. And this may involve, for example, classical ballet training in a poor black suburb of Cape Town.<\/p>\n<p><a href=\"https:\/\/www.vize.cz\/en\/fotogallery.php?y=8&#038;g=185\">More photographs here. <\/a><\/p>\n","protected":false},"excerpt":{"rendered":"<p>On 20th June, the \u017dof\u00edn Palace hosted many significant guests, including the Chairwoman of the Board of Trustees, Mrs Dagmar&#8230;<\/p>\n","protected":false},"author":25,"featured_media":9258,"comment_status":"open","ping_status":"open","sticky":false,"template":"","format":"standard","meta":{"_acf_changed":false,"footnotes":""},"categories":[1],"tags":[],"class_list":["post-8373","post","type-post","status-publish","format-standard","has-post-thumbnail","hentry","category-aktuality"],"acf":[],"yoast_head":"<!-- This site is optimized with the Yoast SEO plugin v26.7 - https:\/\/yoast.com\/wordpress\/plugins\/seo\/ -->\n<title>The VIZE 97 Foundation Award was presented during the closing ceremony of the Golden Prague International Television Festival - Vize 97<\/title>\n<meta name=\"robots\" content=\"index, follow, max-snippet:-1, max-image-preview:large, max-video-preview:-1\" \/>\n<link rel=\"canonical\" href=\"https:\/\/www.vize.cz\/en\/the-vize-97-foundation-award-was-presented-during-the-closing-ceremony-of-the-golden-prague-international-television-festival\/\" \/>\n<meta property=\"og:locale\" content=\"en_US\" \/>\n<meta property=\"og:type\" content=\"article\" \/>\n<meta property=\"og:title\" content=\"The VIZE 97 Foundation Award was presented during the closing ceremony of the Golden Prague International Television Festival - Vize 97\" \/>\n<meta property=\"og:description\" content=\"On 20th June, the \u017dof\u00edn Palace hosted many significant guests, including the Chairwoman of the Board of Trustees, Mrs Dagmar...\" \/>\n<meta property=\"og:url\" content=\"https:\/\/www.vize.cz\/en\/the-vize-97-foundation-award-was-presented-during-the-closing-ceremony-of-the-golden-prague-international-television-festival\/\" \/>\n<meta property=\"og:site_name\" content=\"Vize 97\" \/>\n<meta property=\"article:published_time\" content=\"2007-06-20T11:00:02+00:00\" \/>\n<meta property=\"og:image\" content=\"https:\/\/www.vize.cz\/wp-content\/uploads\/2014\/12\/novinka-161.jpg\" \/>\n\t<meta property=\"og:image:width\" content=\"684\" \/>\n\t<meta property=\"og:image:height\" content=\"461\" \/>\n\t<meta property=\"og:image:type\" content=\"image\/jpeg\" \/>\n<meta name=\"author\" content=\"lukas_fronk\" \/>\n<meta name=\"twitter:label1\" content=\"Written by\" \/>\n\t<meta name=\"twitter:data1\" content=\"lukas_fronk\" \/>\n\t<meta name=\"twitter:label2\" content=\"Est. reading time\" \/>\n\t<meta name=\"twitter:data2\" content=\"1 minute\" \/>\n<script type=\"application\/ld+json\" class=\"yoast-schema-graph\">{\"@context\":\"https:\/\/schema.org\",\"@graph\":[{\"@type\":\"Article\",\"@id\":\"https:\/\/www.vize.cz\/en\/the-vize-97-foundation-award-was-presented-during-the-closing-ceremony-of-the-golden-prague-international-television-festival\/#article\",\"isPartOf\":{\"@id\":\"https:\/\/www.vize.cz\/en\/the-vize-97-foundation-award-was-presented-during-the-closing-ceremony-of-the-golden-prague-international-television-festival\/\"},\"author\":{\"name\":\"lukas_fronk\",\"@id\":\"https:\/\/www.vize.cz\/#\/schema\/person\/ca7b75e730fe51fe98eab63f7762bd43\"},\"headline\":\"The VIZE 97 Foundation Award was presented during the closing ceremony of the Golden Prague International Television Festival\",\"datePublished\":\"2007-06-20T11:00:02+00:00\",\"mainEntityOfPage\":{\"@id\":\"https:\/\/www.vize.cz\/en\/the-vize-97-foundation-award-was-presented-during-the-closing-ceremony-of-the-golden-prague-international-television-festival\/\"},\"wordCount\":246,\"commentCount\":0,\"image\":{\"@id\":\"https:\/\/www.vize.cz\/en\/the-vize-97-foundation-award-was-presented-during-the-closing-ceremony-of-the-golden-prague-international-television-festival\/#primaryimage\"},\"thumbnailUrl\":\"https:\/\/www.vize.cz\/wp-content\/uploads\/2014\/12\/novinka-161.jpg\",\"articleSection\":[\"Aktuality\"],\"inLanguage\":\"en-US\",\"potentialAction\":[{\"@type\":\"CommentAction\",\"name\":\"Comment\",\"target\":[\"https:\/\/www.vize.cz\/en\/the-vize-97-foundation-award-was-presented-during-the-closing-ceremony-of-the-golden-prague-international-television-festival\/#respond\"]}]},{\"@type\":\"WebPage\",\"@id\":\"https:\/\/www.vize.cz\/en\/the-vize-97-foundation-award-was-presented-during-the-closing-ceremony-of-the-golden-prague-international-television-festival\/\",\"url\":\"https:\/\/www.vize.cz\/en\/the-vize-97-foundation-award-was-presented-during-the-closing-ceremony-of-the-golden-prague-international-television-festival\/\",\"name\":\"The VIZE 97 Foundation Award was presented during the closing ceremony of the Golden Prague International Television Festival - Vize 97\",\"isPartOf\":{\"@id\":\"https:\/\/www.vize.cz\/#website\"},\"primaryImageOfPage\":{\"@id\":\"https:\/\/www.vize.cz\/en\/the-vize-97-foundation-award-was-presented-during-the-closing-ceremony-of-the-golden-prague-international-television-festival\/#primaryimage\"},\"image\":{\"@id\":\"https:\/\/www.vize.cz\/en\/the-vize-97-foundation-award-was-presented-during-the-closing-ceremony-of-the-golden-prague-international-television-festival\/#primaryimage\"},\"thumbnailUrl\":\"https:\/\/www.vize.cz\/wp-content\/uploads\/2014\/12\/novinka-161.jpg\",\"datePublished\":\"2007-06-20T11:00:02+00:00\",\"author\":{\"@id\":\"https:\/\/www.vize.cz\/#\/schema\/person\/ca7b75e730fe51fe98eab63f7762bd43\"},\"breadcrumb\":{\"@id\":\"https:\/\/www.vize.cz\/en\/the-vize-97-foundation-award-was-presented-during-the-closing-ceremony-of-the-golden-prague-international-television-festival\/#breadcrumb\"},\"inLanguage\":\"en-US\",\"potentialAction\":[{\"@type\":\"ReadAction\",\"target\":[\"https:\/\/www.vize.cz\/en\/the-vize-97-foundation-award-was-presented-during-the-closing-ceremony-of-the-golden-prague-international-television-festival\/\"]}]},{\"@type\":\"ImageObject\",\"inLanguage\":\"en-US\",\"@id\":\"https:\/\/www.vize.cz\/en\/the-vize-97-foundation-award-was-presented-during-the-closing-ceremony-of-the-golden-prague-international-television-festival\/#primaryimage\",\"url\":\"https:\/\/www.vize.cz\/wp-content\/uploads\/2014\/12\/novinka-161.jpg\",\"contentUrl\":\"https:\/\/www.vize.cz\/wp-content\/uploads\/2014\/12\/novinka-161.jpg\",\"width\":684,\"height\":461},{\"@type\":\"BreadcrumbList\",\"@id\":\"https:\/\/www.vize.cz\/en\/the-vize-97-foundation-award-was-presented-during-the-closing-ceremony-of-the-golden-prague-international-television-festival\/#breadcrumb\",\"itemListElement\":[{\"@type\":\"ListItem\",\"position\":1,\"name\":\"\u00davod\",\"item\":\"https:\/\/www.vize.cz\/en\/\"},{\"@type\":\"ListItem\",\"position\":2,\"name\":\"News\",\"item\":\"https:\/\/www.vize.cz\/en\/category\/news-en\/\"},{\"@type\":\"ListItem\",\"position\":3,\"name\":\"The VIZE 97 Foundation Award was presented during the closing ceremony of the Golden Prague International Television Festival\"}]},{\"@type\":\"WebSite\",\"@id\":\"https:\/\/www.vize.cz\/#website\",\"url\":\"https:\/\/www.vize.cz\/\",\"name\":\"Vize 97\",\"description\":\"\",\"potentialAction\":[{\"@type\":\"SearchAction\",\"target\":{\"@type\":\"EntryPoint\",\"urlTemplate\":\"https:\/\/www.vize.cz\/?s={search_term_string}\"},\"query-input\":{\"@type\":\"PropertyValueSpecification\",\"valueRequired\":true,\"valueName\":\"search_term_string\"}}],\"inLanguage\":\"en-US\"},{\"@type\":\"Person\",\"@id\":\"https:\/\/www.vize.cz\/#\/schema\/person\/ca7b75e730fe51fe98eab63f7762bd43\",\"name\":\"lukas_fronk\",\"url\":\"https:\/\/www.vize.cz\/en\/author\/lukas_fronk\/\"}]}<\/script>\n<!-- \/ Yoast SEO plugin. -->","yoast_head_json":{"title":"The VIZE 97 Foundation Award was presented during the closing ceremony of the Golden Prague International Television Festival - Vize 97","robots":{"index":"index","follow":"follow","max-snippet":"max-snippet:-1","max-image-preview":"max-image-preview:large","max-video-preview":"max-video-preview:-1"},"canonical":"https:\/\/www.vize.cz\/en\/the-vize-97-foundation-award-was-presented-during-the-closing-ceremony-of-the-golden-prague-international-television-festival\/","og_locale":"en_US","og_type":"article","og_title":"The VIZE 97 Foundation Award was presented during the closing ceremony of the Golden Prague International Television Festival - Vize 97","og_description":"On 20th June, the \u017dof\u00edn Palace hosted many significant guests, including the Chairwoman of the Board of Trustees, Mrs Dagmar...","og_url":"https:\/\/www.vize.cz\/en\/the-vize-97-foundation-award-was-presented-during-the-closing-ceremony-of-the-golden-prague-international-television-festival\/","og_site_name":"Vize 97","article_published_time":"2007-06-20T11:00:02+00:00","og_image":[{"width":684,"height":461,"url":"https:\/\/www.vize.cz\/wp-content\/uploads\/2014\/12\/novinka-161.jpg","type":"image\/jpeg"}],"author":"lukas_fronk","twitter_misc":{"Written by":"lukas_fronk","Est. reading time":"1 minute"},"schema":{"@context":"https:\/\/schema.org","@graph":[{"@type":"Article","@id":"https:\/\/www.vize.cz\/en\/the-vize-97-foundation-award-was-presented-during-the-closing-ceremony-of-the-golden-prague-international-television-festival\/#article","isPartOf":{"@id":"https:\/\/www.vize.cz\/en\/the-vize-97-foundation-award-was-presented-during-the-closing-ceremony-of-the-golden-prague-international-television-festival\/"},"author":{"name":"lukas_fronk","@id":"https:\/\/www.vize.cz\/#\/schema\/person\/ca7b75e730fe51fe98eab63f7762bd43"},"headline":"The VIZE 97 Foundation Award was presented during the closing ceremony of the Golden Prague International Television Festival","datePublished":"2007-06-20T11:00:02+00:00","mainEntityOfPage":{"@id":"https:\/\/www.vize.cz\/en\/the-vize-97-foundation-award-was-presented-during-the-closing-ceremony-of-the-golden-prague-international-television-festival\/"},"wordCount":246,"commentCount":0,"image":{"@id":"https:\/\/www.vize.cz\/en\/the-vize-97-foundation-award-was-presented-during-the-closing-ceremony-of-the-golden-prague-international-television-festival\/#primaryimage"},"thumbnailUrl":"https:\/\/www.vize.cz\/wp-content\/uploads\/2014\/12\/novinka-161.jpg","articleSection":["Aktuality"],"inLanguage":"en-US","potentialAction":[{"@type":"CommentAction","name":"Comment","target":["https:\/\/www.vize.cz\/en\/the-vize-97-foundation-award-was-presented-during-the-closing-ceremony-of-the-golden-prague-international-television-festival\/#respond"]}]},{"@type":"WebPage","@id":"https:\/\/www.vize.cz\/en\/the-vize-97-foundation-award-was-presented-during-the-closing-ceremony-of-the-golden-prague-international-television-festival\/","url":"https:\/\/www.vize.cz\/en\/the-vize-97-foundation-award-was-presented-during-the-closing-ceremony-of-the-golden-prague-international-television-festival\/","name":"The VIZE 97 Foundation Award was presented during the closing ceremony of the Golden Prague International Television Festival - Vize 97","isPartOf":{"@id":"https:\/\/www.vize.cz\/#website"},"primaryImageOfPage":{"@id":"https:\/\/www.vize.cz\/en\/the-vize-97-foundation-award-was-presented-during-the-closing-ceremony-of-the-golden-prague-international-television-festival\/#primaryimage"},"image":{"@id":"https:\/\/www.vize.cz\/en\/the-vize-97-foundation-award-was-presented-during-the-closing-ceremony-of-the-golden-prague-international-television-festival\/#primaryimage"},"thumbnailUrl":"https:\/\/www.vize.cz\/wp-content\/uploads\/2014\/12\/novinka-161.jpg","datePublished":"2007-06-20T11:00:02+00:00","author":{"@id":"https:\/\/www.vize.cz\/#\/schema\/person\/ca7b75e730fe51fe98eab63f7762bd43"},"breadcrumb":{"@id":"https:\/\/www.vize.cz\/en\/the-vize-97-foundation-award-was-presented-during-the-closing-ceremony-of-the-golden-prague-international-television-festival\/#breadcrumb"},"inLanguage":"en-US","potentialAction":[{"@type":"ReadAction","target":["https:\/\/www.vize.cz\/en\/the-vize-97-foundation-award-was-presented-during-the-closing-ceremony-of-the-golden-prague-international-television-festival\/"]}]},{"@type":"ImageObject","inLanguage":"en-US","@id":"https:\/\/www.vize.cz\/en\/the-vize-97-foundation-award-was-presented-during-the-closing-ceremony-of-the-golden-prague-international-television-festival\/#primaryimage","url":"https:\/\/www.vize.cz\/wp-content\/uploads\/2014\/12\/novinka-161.jpg","contentUrl":"https:\/\/www.vize.cz\/wp-content\/uploads\/2014\/12\/novinka-161.jpg","width":684,"height":461},{"@type":"BreadcrumbList","@id":"https:\/\/www.vize.cz\/en\/the-vize-97-foundation-award-was-presented-during-the-closing-ceremony-of-the-golden-prague-international-television-festival\/#breadcrumb","itemListElement":[{"@type":"ListItem","position":1,"name":"\u00davod","item":"https:\/\/www.vize.cz\/en\/"},{"@type":"ListItem","position":2,"name":"News","item":"https:\/\/www.vize.cz\/en\/category\/news-en\/"},{"@type":"ListItem","position":3,"name":"The VIZE 97 Foundation Award was presented during the closing ceremony of the Golden Prague International Television Festival"}]},{"@type":"WebSite","@id":"https:\/\/www.vize.cz\/#website","url":"https:\/\/www.vize.cz\/","name":"Vize 97","description":"","potentialAction":[{"@type":"SearchAction","target":{"@type":"EntryPoint","urlTemplate":"https:\/\/www.vize.cz\/?s={search_term_string}"},"query-input":{"@type":"PropertyValueSpecification","valueRequired":true,"valueName":"search_term_string"}}],"inLanguage":"en-US"},{"@type":"Person","@id":"https:\/\/www.vize.cz\/#\/schema\/person\/ca7b75e730fe51fe98eab63f7762bd43","name":"lukas_fronk","url":"https:\/\/www.vize.cz\/en\/author\/lukas_fronk\/"}]}},"_links":{"self":[{"href":"https:\/\/www.vize.cz\/en\/wp-json\/wp\/v2\/posts\/8373","targetHints":{"allow":["GET"]}}],"collection":[{"href":"https:\/\/www.vize.cz\/en\/wp-json\/wp\/v2\/posts"}],"about":[{"href":"https:\/\/www.vize.cz\/en\/wp-json\/wp\/v2\/types\/post"}],"author":[{"embeddable":true,"href":"https:\/\/www.vize.cz\/en\/wp-json\/wp\/v2\/users\/25"}],"replies":[{"embeddable":true,"href":"https:\/\/www.vize.cz\/en\/wp-json\/wp\/v2\/comments?post=8373"}],"version-history":[{"count":0,"href":"https:\/\/www.vize.cz\/en\/wp-json\/wp\/v2\/posts\/8373\/revisions"}],"wp:featuredmedia":[{"embeddable":true,"href":"https:\/\/www.vize.cz\/en\/wp-json\/wp\/v2\/media\/9258"}],"wp:attachment":[{"href":"https:\/\/www.vize.cz\/en\/wp-json\/wp\/v2\/media?parent=8373"}],"wp:term":[{"taxonomy":"category","embeddable":true,"href":"https:\/\/www.vize.cz\/en\/wp-json\/wp\/v2\/categories?post=8373"},{"taxonomy":"post_tag","embeddable":true,"href":"https:\/\/www.vize.cz\/en\/wp-json\/wp\/v2\/tags?post=8373"}],"curies":[{"name":"wp","href":"https:\/\/api.w.org\/{rel}","templated":true}]}}