{"id":8374,"date":"2007-06-21T12:04:43","date_gmt":"2007-06-21T11:04:43","guid":{"rendered":"http:\/\/www.vize.cz\/\/the-10th-anniversary-of-the-establishment-of-dagmar-and-vaclav-havel-foundation-vize-97\/"},"modified":"2007-06-21T12:04:43","modified_gmt":"2007-06-21T11:04:43","slug":"the-10th-anniversary-of-the-establishment-of-dagmar-and-vaclav-havel-foundation-vize-97","status":"publish","type":"post","link":"https:\/\/www.vize.cz\/en\/the-10th-anniversary-of-the-establishment-of-dagmar-and-vaclav-havel-foundation-vize-97\/","title":{"rendered":"The 10th anniversary of the establishment of Dagmar and V\u00e1clav Havel Foundation VIZE 97"},"content":{"rendered":"<p>On the first summer day of 1997, Mrs Dagmar Havlov\u00e1 established a foundation called VIZE 97. Today, we will therefore celebrate ten years of the Foundation\u2019s successful activities in the non-profit sector. This anniversary is the basis for some reflection and also for a review of the past. What has the Foundation achieved during this period? What has gone right? What is the Foundation\u2019s vision for the coming years?<\/p>\n<p>The completed programmes, such as the passage across the mound of the Dusty Bridge (Pra\u0161n\u00fd most) which connects the lower and upper parts of Jelen\u00ed p\u0159\u00edkop, the footbridge across Chotkova Street or the humanitarian aid in the areas affected by flooding prove that the VIZE 97 Foundation has been able to coordinate and complete a number of large and demanding projects. Alongside these tasks, however, the Foundation has dedicated and continues to dedicate itself to a large number of programmes with a wide range of activities. In the social area, the Foundation\u2019s cornerstone is the Fund of Understanding which constantly assists the needy and in particular retirement homes for senior citizens or hospices. This further involves support for Chechen children or the provision of grants from the Foundation Investment Fund. Great efforts have been made with regard to the reconstruction of Saint Anne\u2019s Church, the Prague Crossroads. The Foundation is now faced with the difficult task of gathering sufficient funds to repair the church\u2019s roof and facade. In the field of healthcare, Mrs Havlov\u00e1 has supported the free provision of a diagnostic test to all citizens of the Czech Republic who are 50 or over within the framework of the Timely Diagnosis and Prevention of Bowel and Rectal Cancer. Prevention is of particular importance and the Foundation is therefore currently concentrating on a media campaign and increasing awareness. In the area of education, the Foundation has assisted a number of tertiary students when studying at universities abroad. Many of them remain thankful to the Foundation and cooperate with it or support it.<\/p>\n<p>Ten years of hard work, ten years of connections with many volunteers, ten years of assisting good causes. We hope that the next ten years of the VIZE 97 Foundation\u2019s activities will be just as expansive and successful and that the Foundation will be able to do a lot of good.<\/p>\n<p>I would like to take this opportunity to thank all of those who have selflessly assisted the Foundation and those who support the Foundation with sponsorship gifts. We are greatly looking forward to further cooperation with you in the upcoming years.<br \/><\/p>\n","protected":false},"excerpt":{"rendered":"<p>On the first summer day of 1997, Mrs Dagmar Havlov\u00e1 established a foundation called VIZE 97. Today, we will therefore&#8230;<\/p>\n","protected":false},"author":25,"featured_media":9259,"comment_status":"open","ping_status":"open","sticky":false,"template":"","format":"standard","meta":{"_acf_changed":false,"footnotes":""},"categories":[1],"tags":[],"class_list":["post-8374","post","type-post","status-publish","format-standard","has-post-thumbnail","hentry","category-aktuality"],"acf":[],"yoast_head":"<!-- This site is optimized with the Yoast SEO plugin v26.7 - https:\/\/yoast.com\/wordpress\/plugins\/seo\/ -->\n<title>The 10th anniversary of the establishment of Dagmar and V\u00e1clav Havel Foundation VIZE 97  - Vize 97<\/title>\n<meta name=\"robots\" content=\"index, follow, max-snippet:-1, max-image-preview:large, max-video-preview:-1\" \/>\n<link rel=\"canonical\" href=\"https:\/\/www.vize.cz\/en\/the-10th-anniversary-of-the-establishment-of-dagmar-and-vaclav-havel-foundation-vize-97\/\" \/>\n<meta property=\"og:locale\" content=\"en_US\" \/>\n<meta property=\"og:type\" content=\"article\" \/>\n<meta property=\"og:title\" content=\"The 10th anniversary of the establishment of Dagmar and V\u00e1clav Havel Foundation VIZE 97  - Vize 97\" \/>\n<meta property=\"og:description\" content=\"On the first summer day of 1997, Mrs Dagmar Havlov\u00e1 established a foundation called VIZE 97. Today, we will therefore...\" \/>\n<meta property=\"og:url\" content=\"https:\/\/www.vize.cz\/en\/the-10th-anniversary-of-the-establishment-of-dagmar-and-vaclav-havel-foundation-vize-97\/\" \/>\n<meta property=\"og:site_name\" content=\"Vize 97\" \/>\n<meta property=\"article:published_time\" content=\"2007-06-21T11:04:43+00:00\" \/>\n<meta property=\"og:image\" content=\"https:\/\/www.vize.cz\/wp-content\/uploads\/2014\/12\/novinka-162.jpg\" \/>\n\t<meta property=\"og:image:width\" content=\"640\" \/>\n\t<meta property=\"og:image:height\" content=\"438\" \/>\n\t<meta property=\"og:image:type\" content=\"image\/jpeg\" \/>\n<meta name=\"author\" content=\"lukas_fronk\" \/>\n<meta name=\"twitter:label1\" content=\"Written by\" \/>\n\t<meta name=\"twitter:data1\" content=\"lukas_fronk\" \/>\n\t<meta name=\"twitter:label2\" content=\"Est. reading time\" \/>\n\t<meta name=\"twitter:data2\" content=\"2 minutes\" \/>\n<script type=\"application\/ld+json\" class=\"yoast-schema-graph\">{\"@context\":\"https:\/\/schema.org\",\"@graph\":[{\"@type\":\"Article\",\"@id\":\"https:\/\/www.vize.cz\/en\/the-10th-anniversary-of-the-establishment-of-dagmar-and-vaclav-havel-foundation-vize-97\/#article\",\"isPartOf\":{\"@id\":\"https:\/\/www.vize.cz\/en\/the-10th-anniversary-of-the-establishment-of-dagmar-and-vaclav-havel-foundation-vize-97\/\"},\"author\":{\"name\":\"lukas_fronk\",\"@id\":\"https:\/\/www.vize.cz\/#\/schema\/person\/ca7b75e730fe51fe98eab63f7762bd43\"},\"headline\":\"The 10th anniversary of the establishment of Dagmar and V\u00e1clav Havel Foundation VIZE 97\",\"datePublished\":\"2007-06-21T11:04:43+00:00\",\"mainEntityOfPage\":{\"@id\":\"https:\/\/www.vize.cz\/en\/the-10th-anniversary-of-the-establishment-of-dagmar-and-vaclav-havel-foundation-vize-97\/\"},\"wordCount\":440,\"commentCount\":0,\"image\":{\"@id\":\"https:\/\/www.vize.cz\/en\/the-10th-anniversary-of-the-establishment-of-dagmar-and-vaclav-havel-foundation-vize-97\/#primaryimage\"},\"thumbnailUrl\":\"https:\/\/www.vize.cz\/wp-content\/uploads\/2014\/12\/novinka-162.jpg\",\"articleSection\":[\"Aktuality\"],\"inLanguage\":\"en-US\",\"potentialAction\":[{\"@type\":\"CommentAction\",\"name\":\"Comment\",\"target\":[\"https:\/\/www.vize.cz\/en\/the-10th-anniversary-of-the-establishment-of-dagmar-and-vaclav-havel-foundation-vize-97\/#respond\"]}]},{\"@type\":\"WebPage\",\"@id\":\"https:\/\/www.vize.cz\/en\/the-10th-anniversary-of-the-establishment-of-dagmar-and-vaclav-havel-foundation-vize-97\/\",\"url\":\"https:\/\/www.vize.cz\/en\/the-10th-anniversary-of-the-establishment-of-dagmar-and-vaclav-havel-foundation-vize-97\/\",\"name\":\"The 10th anniversary of the establishment of Dagmar and V\u00e1clav Havel Foundation VIZE 97 - Vize 97\",\"isPartOf\":{\"@id\":\"https:\/\/www.vize.cz\/#website\"},\"primaryImageOfPage\":{\"@id\":\"https:\/\/www.vize.cz\/en\/the-10th-anniversary-of-the-establishment-of-dagmar-and-vaclav-havel-foundation-vize-97\/#primaryimage\"},\"image\":{\"@id\":\"https:\/\/www.vize.cz\/en\/the-10th-anniversary-of-the-establishment-of-dagmar-and-vaclav-havel-foundation-vize-97\/#primaryimage\"},\"thumbnailUrl\":\"https:\/\/www.vize.cz\/wp-content\/uploads\/2014\/12\/novinka-162.jpg\",\"datePublished\":\"2007-06-21T11:04:43+00:00\",\"author\":{\"@id\":\"https:\/\/www.vize.cz\/#\/schema\/person\/ca7b75e730fe51fe98eab63f7762bd43\"},\"breadcrumb\":{\"@id\":\"https:\/\/www.vize.cz\/en\/the-10th-anniversary-of-the-establishment-of-dagmar-and-vaclav-havel-foundation-vize-97\/#breadcrumb\"},\"inLanguage\":\"en-US\",\"potentialAction\":[{\"@type\":\"ReadAction\",\"target\":[\"https:\/\/www.vize.cz\/en\/the-10th-anniversary-of-the-establishment-of-dagmar-and-vaclav-havel-foundation-vize-97\/\"]}]},{\"@type\":\"ImageObject\",\"inLanguage\":\"en-US\",\"@id\":\"https:\/\/www.vize.cz\/en\/the-10th-anniversary-of-the-establishment-of-dagmar-and-vaclav-havel-foundation-vize-97\/#primaryimage\",\"url\":\"https:\/\/www.vize.cz\/wp-content\/uploads\/2014\/12\/novinka-162.jpg\",\"contentUrl\":\"https:\/\/www.vize.cz\/wp-content\/uploads\/2014\/12\/novinka-162.jpg\",\"width\":640,\"height\":438},{\"@type\":\"BreadcrumbList\",\"@id\":\"https:\/\/www.vize.cz\/en\/the-10th-anniversary-of-the-establishment-of-dagmar-and-vaclav-havel-foundation-vize-97\/#breadcrumb\",\"itemListElement\":[{\"@type\":\"ListItem\",\"position\":1,\"name\":\"\u00davod\",\"item\":\"https:\/\/www.vize.cz\/en\/\"},{\"@type\":\"ListItem\",\"position\":2,\"name\":\"News\",\"item\":\"https:\/\/www.vize.cz\/en\/category\/news-en\/\"},{\"@type\":\"ListItem\",\"position\":3,\"name\":\"The 10th anniversary of the establishment of Dagmar and V\u00e1clav Havel Foundation VIZE 97\"}]},{\"@type\":\"WebSite\",\"@id\":\"https:\/\/www.vize.cz\/#website\",\"url\":\"https:\/\/www.vize.cz\/\",\"name\":\"Vize 97\",\"description\":\"\",\"potentialAction\":[{\"@type\":\"SearchAction\",\"target\":{\"@type\":\"EntryPoint\",\"urlTemplate\":\"https:\/\/www.vize.cz\/?s={search_term_string}\"},\"query-input\":{\"@type\":\"PropertyValueSpecification\",\"valueRequired\":true,\"valueName\":\"search_term_string\"}}],\"inLanguage\":\"en-US\"},{\"@type\":\"Person\",\"@id\":\"https:\/\/www.vize.cz\/#\/schema\/person\/ca7b75e730fe51fe98eab63f7762bd43\",\"name\":\"lukas_fronk\",\"url\":\"https:\/\/www.vize.cz\/en\/author\/lukas_fronk\/\"}]}<\/script>\n<!-- \/ Yoast SEO plugin. -->","yoast_head_json":{"title":"The 10th anniversary of the establishment of Dagmar and V\u00e1clav Havel Foundation VIZE 97  - Vize 97","robots":{"index":"index","follow":"follow","max-snippet":"max-snippet:-1","max-image-preview":"max-image-preview:large","max-video-preview":"max-video-preview:-1"},"canonical":"https:\/\/www.vize.cz\/en\/the-10th-anniversary-of-the-establishment-of-dagmar-and-vaclav-havel-foundation-vize-97\/","og_locale":"en_US","og_type":"article","og_title":"The 10th anniversary of the establishment of Dagmar and V\u00e1clav Havel Foundation VIZE 97  - Vize 97","og_description":"On the first summer day of 1997, Mrs Dagmar Havlov\u00e1 established a foundation called VIZE 97. Today, we will therefore...","og_url":"https:\/\/www.vize.cz\/en\/the-10th-anniversary-of-the-establishment-of-dagmar-and-vaclav-havel-foundation-vize-97\/","og_site_name":"Vize 97","article_published_time":"2007-06-21T11:04:43+00:00","og_image":[{"width":640,"height":438,"url":"https:\/\/www.vize.cz\/wp-content\/uploads\/2014\/12\/novinka-162.jpg","type":"image\/jpeg"}],"author":"lukas_fronk","twitter_misc":{"Written by":"lukas_fronk","Est. reading time":"2 minutes"},"schema":{"@context":"https:\/\/schema.org","@graph":[{"@type":"Article","@id":"https:\/\/www.vize.cz\/en\/the-10th-anniversary-of-the-establishment-of-dagmar-and-vaclav-havel-foundation-vize-97\/#article","isPartOf":{"@id":"https:\/\/www.vize.cz\/en\/the-10th-anniversary-of-the-establishment-of-dagmar-and-vaclav-havel-foundation-vize-97\/"},"author":{"name":"lukas_fronk","@id":"https:\/\/www.vize.cz\/#\/schema\/person\/ca7b75e730fe51fe98eab63f7762bd43"},"headline":"The 10th anniversary of the establishment of Dagmar and V\u00e1clav Havel Foundation VIZE 97","datePublished":"2007-06-21T11:04:43+00:00","mainEntityOfPage":{"@id":"https:\/\/www.vize.cz\/en\/the-10th-anniversary-of-the-establishment-of-dagmar-and-vaclav-havel-foundation-vize-97\/"},"wordCount":440,"commentCount":0,"image":{"@id":"https:\/\/www.vize.cz\/en\/the-10th-anniversary-of-the-establishment-of-dagmar-and-vaclav-havel-foundation-vize-97\/#primaryimage"},"thumbnailUrl":"https:\/\/www.vize.cz\/wp-content\/uploads\/2014\/12\/novinka-162.jpg","articleSection":["Aktuality"],"inLanguage":"en-US","potentialAction":[{"@type":"CommentAction","name":"Comment","target":["https:\/\/www.vize.cz\/en\/the-10th-anniversary-of-the-establishment-of-dagmar-and-vaclav-havel-foundation-vize-97\/#respond"]}]},{"@type":"WebPage","@id":"https:\/\/www.vize.cz\/en\/the-10th-anniversary-of-the-establishment-of-dagmar-and-vaclav-havel-foundation-vize-97\/","url":"https:\/\/www.vize.cz\/en\/the-10th-anniversary-of-the-establishment-of-dagmar-and-vaclav-havel-foundation-vize-97\/","name":"The 10th anniversary of the establishment of Dagmar and V\u00e1clav Havel Foundation VIZE 97 - Vize 97","isPartOf":{"@id":"https:\/\/www.vize.cz\/#website"},"primaryImageOfPage":{"@id":"https:\/\/www.vize.cz\/en\/the-10th-anniversary-of-the-establishment-of-dagmar-and-vaclav-havel-foundation-vize-97\/#primaryimage"},"image":{"@id":"https:\/\/www.vize.cz\/en\/the-10th-anniversary-of-the-establishment-of-dagmar-and-vaclav-havel-foundation-vize-97\/#primaryimage"},"thumbnailUrl":"https:\/\/www.vize.cz\/wp-content\/uploads\/2014\/12\/novinka-162.jpg","datePublished":"2007-06-21T11:04:43+00:00","author":{"@id":"https:\/\/www.vize.cz\/#\/schema\/person\/ca7b75e730fe51fe98eab63f7762bd43"},"breadcrumb":{"@id":"https:\/\/www.vize.cz\/en\/the-10th-anniversary-of-the-establishment-of-dagmar-and-vaclav-havel-foundation-vize-97\/#breadcrumb"},"inLanguage":"en-US","potentialAction":[{"@type":"ReadAction","target":["https:\/\/www.vize.cz\/en\/the-10th-anniversary-of-the-establishment-of-dagmar-and-vaclav-havel-foundation-vize-97\/"]}]},{"@type":"ImageObject","inLanguage":"en-US","@id":"https:\/\/www.vize.cz\/en\/the-10th-anniversary-of-the-establishment-of-dagmar-and-vaclav-havel-foundation-vize-97\/#primaryimage","url":"https:\/\/www.vize.cz\/wp-content\/uploads\/2014\/12\/novinka-162.jpg","contentUrl":"https:\/\/www.vize.cz\/wp-content\/uploads\/2014\/12\/novinka-162.jpg","width":640,"height":438},{"@type":"BreadcrumbList","@id":"https:\/\/www.vize.cz\/en\/the-10th-anniversary-of-the-establishment-of-dagmar-and-vaclav-havel-foundation-vize-97\/#breadcrumb","itemListElement":[{"@type":"ListItem","position":1,"name":"\u00davod","item":"https:\/\/www.vize.cz\/en\/"},{"@type":"ListItem","position":2,"name":"News","item":"https:\/\/www.vize.cz\/en\/category\/news-en\/"},{"@type":"ListItem","position":3,"name":"The 10th anniversary of the establishment of Dagmar and V\u00e1clav Havel Foundation VIZE 97"}]},{"@type":"WebSite","@id":"https:\/\/www.vize.cz\/#website","url":"https:\/\/www.vize.cz\/","name":"Vize 97","description":"","potentialAction":[{"@type":"SearchAction","target":{"@type":"EntryPoint","urlTemplate":"https:\/\/www.vize.cz\/?s={search_term_string}"},"query-input":{"@type":"PropertyValueSpecification","valueRequired":true,"valueName":"search_term_string"}}],"inLanguage":"en-US"},{"@type":"Person","@id":"https:\/\/www.vize.cz\/#\/schema\/person\/ca7b75e730fe51fe98eab63f7762bd43","name":"lukas_fronk","url":"https:\/\/www.vize.cz\/en\/author\/lukas_fronk\/"}]}},"_links":{"self":[{"href":"https:\/\/www.vize.cz\/en\/wp-json\/wp\/v2\/posts\/8374","targetHints":{"allow":["GET"]}}],"collection":[{"href":"https:\/\/www.vize.cz\/en\/wp-json\/wp\/v2\/posts"}],"about":[{"href":"https:\/\/www.vize.cz\/en\/wp-json\/wp\/v2\/types\/post"}],"author":[{"embeddable":true,"href":"https:\/\/www.vize.cz\/en\/wp-json\/wp\/v2\/users\/25"}],"replies":[{"embeddable":true,"href":"https:\/\/www.vize.cz\/en\/wp-json\/wp\/v2\/comments?post=8374"}],"version-history":[{"count":0,"href":"https:\/\/www.vize.cz\/en\/wp-json\/wp\/v2\/posts\/8374\/revisions"}],"wp:featuredmedia":[{"embeddable":true,"href":"https:\/\/www.vize.cz\/en\/wp-json\/wp\/v2\/media\/9259"}],"wp:attachment":[{"href":"https:\/\/www.vize.cz\/en\/wp-json\/wp\/v2\/media?parent=8374"}],"wp:term":[{"taxonomy":"category","embeddable":true,"href":"https:\/\/www.vize.cz\/en\/wp-json\/wp\/v2\/categories?post=8374"},{"taxonomy":"post_tag","embeddable":true,"href":"https:\/\/www.vize.cz\/en\/wp-json\/wp\/v2\/tags?post=8374"}],"curies":[{"name":"wp","href":"https:\/\/api.w.org\/{rel}","templated":true}]}}