{"id":8417,"date":"2008-06-13T15:38:22","date_gmt":"2008-06-13T14:38:22","guid":{"rendered":"http:\/\/www.vize.cz\/\/ceremonial-reception-on-the-occasion-of-the-idca-health-conference-at-prague-crossroads\/"},"modified":"2008-06-13T15:38:22","modified_gmt":"2008-06-13T14:38:22","slug":"ceremonial-reception-on-the-occasion-of-the-idca-health-conference-at-prague-crossroads","status":"publish","type":"post","link":"https:\/\/www.vize.cz\/en\/ceremonial-reception-on-the-occasion-of-the-idca-health-conference-at-prague-crossroads\/","title":{"rendered":"Ceremonial Reception on the Occasion of the IDCA Health Conference at Prague Crossroads"},"content":{"rendered":"<p>After their hard day, full of lectures and interesting discussions, all participants in the IDCA (International Digestive Cancer Alliance) conference met in the premises of Prague Crossroads to take part in a ceremonial reception. Mrs. Dagmar Havlov\u00e1 delivered her speech during the evening; she welcomed the conference participants and talked about the importance of colorectal carcinoma prevention. Other speeches, in addition to that of Mrs. Havlov\u00e1, were made by Prof. Meinhard Classen and Lieutenant Colonel &#038; Prof. MUDr. Miroslav Zavoral, Ph.D. The event was hosted by Ing. Martin Krafl. Cultural entertainment was provided by violoncellist Tom\u00e1\u0161 Jamn\u00edk and TAM-TAM Orchestra.<\/p>\n<p><a href=\"https:\/\/www.vize.cz\/en\/fotogallery.php?y=15&#038;g=198\">More photographs here. <\/a><\/p>\n","protected":false},"excerpt":{"rendered":"<p>After their hard day, full of lectures and interesting discussions, all participants in the IDCA (International Digestive Cancer Alliance) conference&#8230;<\/p>\n","protected":false},"author":25,"featured_media":9339,"comment_status":"open","ping_status":"open","sticky":false,"template":"","format":"standard","meta":{"_acf_changed":false,"footnotes":""},"categories":[1],"tags":[],"class_list":["post-8417","post","type-post","status-publish","format-standard","has-post-thumbnail","hentry","category-aktuality"],"acf":[],"yoast_head":"<!-- This site is optimized with the Yoast SEO plugin v26.7 - https:\/\/yoast.com\/wordpress\/plugins\/seo\/ -->\n<title>Ceremonial Reception on the Occasion of the IDCA Health Conference at Prague Crossroads - Vize 97<\/title>\n<meta name=\"robots\" content=\"index, follow, max-snippet:-1, max-image-preview:large, max-video-preview:-1\" \/>\n<link rel=\"canonical\" href=\"https:\/\/www.vize.cz\/en\/ceremonial-reception-on-the-occasion-of-the-idca-health-conference-at-prague-crossroads\/\" \/>\n<meta property=\"og:locale\" content=\"en_US\" \/>\n<meta property=\"og:type\" content=\"article\" \/>\n<meta property=\"og:title\" content=\"Ceremonial Reception on the Occasion of the IDCA Health Conference at Prague Crossroads - Vize 97\" \/>\n<meta property=\"og:description\" content=\"After their hard day, full of lectures and interesting discussions, all participants in the IDCA (International Digestive Cancer Alliance) conference...\" \/>\n<meta property=\"og:url\" content=\"https:\/\/www.vize.cz\/en\/ceremonial-reception-on-the-occasion-of-the-idca-health-conference-at-prague-crossroads\/\" \/>\n<meta property=\"og:site_name\" content=\"Vize 97\" \/>\n<meta property=\"article:published_time\" content=\"2008-06-13T14:38:22+00:00\" \/>\n<meta property=\"og:image\" content=\"https:\/\/www.vize.cz\/wp-content\/uploads\/2014\/12\/novinka-252.jpg\" \/>\n\t<meta property=\"og:image:width\" content=\"400\" \/>\n\t<meta property=\"og:image:height\" content=\"600\" \/>\n\t<meta property=\"og:image:type\" content=\"image\/jpeg\" \/>\n<meta name=\"author\" content=\"lukas_fronk\" \/>\n<meta name=\"twitter:label1\" content=\"Written by\" \/>\n\t<meta name=\"twitter:data1\" content=\"lukas_fronk\" \/>\n\t<meta name=\"twitter:label2\" content=\"Est. reading time\" \/>\n\t<meta name=\"twitter:data2\" content=\"1 minute\" \/>\n<script type=\"application\/ld+json\" class=\"yoast-schema-graph\">{\"@context\":\"https:\/\/schema.org\",\"@graph\":[{\"@type\":\"Article\",\"@id\":\"https:\/\/www.vize.cz\/en\/ceremonial-reception-on-the-occasion-of-the-idca-health-conference-at-prague-crossroads\/#article\",\"isPartOf\":{\"@id\":\"https:\/\/www.vize.cz\/en\/ceremonial-reception-on-the-occasion-of-the-idca-health-conference-at-prague-crossroads\/\"},\"author\":{\"name\":\"lukas_fronk\",\"@id\":\"https:\/\/www.vize.cz\/#\/schema\/person\/ca7b75e730fe51fe98eab63f7762bd43\"},\"headline\":\"Ceremonial Reception on the Occasion of the IDCA Health Conference at Prague Crossroads\",\"datePublished\":\"2008-06-13T14:38:22+00:00\",\"mainEntityOfPage\":{\"@id\":\"https:\/\/www.vize.cz\/en\/ceremonial-reception-on-the-occasion-of-the-idca-health-conference-at-prague-crossroads\/\"},\"wordCount\":117,\"commentCount\":0,\"image\":{\"@id\":\"https:\/\/www.vize.cz\/en\/ceremonial-reception-on-the-occasion-of-the-idca-health-conference-at-prague-crossroads\/#primaryimage\"},\"thumbnailUrl\":\"https:\/\/www.vize.cz\/wp-content\/uploads\/2014\/12\/novinka-252.jpg\",\"articleSection\":[\"Aktuality\"],\"inLanguage\":\"en-US\",\"potentialAction\":[{\"@type\":\"CommentAction\",\"name\":\"Comment\",\"target\":[\"https:\/\/www.vize.cz\/en\/ceremonial-reception-on-the-occasion-of-the-idca-health-conference-at-prague-crossroads\/#respond\"]}]},{\"@type\":\"WebPage\",\"@id\":\"https:\/\/www.vize.cz\/en\/ceremonial-reception-on-the-occasion-of-the-idca-health-conference-at-prague-crossroads\/\",\"url\":\"https:\/\/www.vize.cz\/en\/ceremonial-reception-on-the-occasion-of-the-idca-health-conference-at-prague-crossroads\/\",\"name\":\"Ceremonial Reception on the Occasion of the IDCA Health Conference at Prague Crossroads - Vize 97\",\"isPartOf\":{\"@id\":\"https:\/\/www.vize.cz\/#website\"},\"primaryImageOfPage\":{\"@id\":\"https:\/\/www.vize.cz\/en\/ceremonial-reception-on-the-occasion-of-the-idca-health-conference-at-prague-crossroads\/#primaryimage\"},\"image\":{\"@id\":\"https:\/\/www.vize.cz\/en\/ceremonial-reception-on-the-occasion-of-the-idca-health-conference-at-prague-crossroads\/#primaryimage\"},\"thumbnailUrl\":\"https:\/\/www.vize.cz\/wp-content\/uploads\/2014\/12\/novinka-252.jpg\",\"datePublished\":\"2008-06-13T14:38:22+00:00\",\"author\":{\"@id\":\"https:\/\/www.vize.cz\/#\/schema\/person\/ca7b75e730fe51fe98eab63f7762bd43\"},\"breadcrumb\":{\"@id\":\"https:\/\/www.vize.cz\/en\/ceremonial-reception-on-the-occasion-of-the-idca-health-conference-at-prague-crossroads\/#breadcrumb\"},\"inLanguage\":\"en-US\",\"potentialAction\":[{\"@type\":\"ReadAction\",\"target\":[\"https:\/\/www.vize.cz\/en\/ceremonial-reception-on-the-occasion-of-the-idca-health-conference-at-prague-crossroads\/\"]}]},{\"@type\":\"ImageObject\",\"inLanguage\":\"en-US\",\"@id\":\"https:\/\/www.vize.cz\/en\/ceremonial-reception-on-the-occasion-of-the-idca-health-conference-at-prague-crossroads\/#primaryimage\",\"url\":\"https:\/\/www.vize.cz\/wp-content\/uploads\/2014\/12\/novinka-252.jpg\",\"contentUrl\":\"https:\/\/www.vize.cz\/wp-content\/uploads\/2014\/12\/novinka-252.jpg\",\"width\":400,\"height\":600},{\"@type\":\"BreadcrumbList\",\"@id\":\"https:\/\/www.vize.cz\/en\/ceremonial-reception-on-the-occasion-of-the-idca-health-conference-at-prague-crossroads\/#breadcrumb\",\"itemListElement\":[{\"@type\":\"ListItem\",\"position\":1,\"name\":\"\u00davod\",\"item\":\"https:\/\/www.vize.cz\/en\/\"},{\"@type\":\"ListItem\",\"position\":2,\"name\":\"News\",\"item\":\"https:\/\/www.vize.cz\/en\/category\/news-en\/\"},{\"@type\":\"ListItem\",\"position\":3,\"name\":\"Ceremonial Reception on the Occasion of the IDCA Health Conference at Prague Crossroads\"}]},{\"@type\":\"WebSite\",\"@id\":\"https:\/\/www.vize.cz\/#website\",\"url\":\"https:\/\/www.vize.cz\/\",\"name\":\"Vize 97\",\"description\":\"\",\"potentialAction\":[{\"@type\":\"SearchAction\",\"target\":{\"@type\":\"EntryPoint\",\"urlTemplate\":\"https:\/\/www.vize.cz\/?s={search_term_string}\"},\"query-input\":{\"@type\":\"PropertyValueSpecification\",\"valueRequired\":true,\"valueName\":\"search_term_string\"}}],\"inLanguage\":\"en-US\"},{\"@type\":\"Person\",\"@id\":\"https:\/\/www.vize.cz\/#\/schema\/person\/ca7b75e730fe51fe98eab63f7762bd43\",\"name\":\"lukas_fronk\",\"url\":\"https:\/\/www.vize.cz\/en\/author\/lukas_fronk\/\"}]}<\/script>\n<!-- \/ Yoast SEO plugin. -->","yoast_head_json":{"title":"Ceremonial Reception on the Occasion of the IDCA Health Conference at Prague Crossroads - Vize 97","robots":{"index":"index","follow":"follow","max-snippet":"max-snippet:-1","max-image-preview":"max-image-preview:large","max-video-preview":"max-video-preview:-1"},"canonical":"https:\/\/www.vize.cz\/en\/ceremonial-reception-on-the-occasion-of-the-idca-health-conference-at-prague-crossroads\/","og_locale":"en_US","og_type":"article","og_title":"Ceremonial Reception on the Occasion of the IDCA Health Conference at Prague Crossroads - Vize 97","og_description":"After their hard day, full of lectures and interesting discussions, all participants in the IDCA (International Digestive Cancer Alliance) conference...","og_url":"https:\/\/www.vize.cz\/en\/ceremonial-reception-on-the-occasion-of-the-idca-health-conference-at-prague-crossroads\/","og_site_name":"Vize 97","article_published_time":"2008-06-13T14:38:22+00:00","og_image":[{"width":400,"height":600,"url":"https:\/\/www.vize.cz\/wp-content\/uploads\/2014\/12\/novinka-252.jpg","type":"image\/jpeg"}],"author":"lukas_fronk","twitter_misc":{"Written by":"lukas_fronk","Est. reading time":"1 minute"},"schema":{"@context":"https:\/\/schema.org","@graph":[{"@type":"Article","@id":"https:\/\/www.vize.cz\/en\/ceremonial-reception-on-the-occasion-of-the-idca-health-conference-at-prague-crossroads\/#article","isPartOf":{"@id":"https:\/\/www.vize.cz\/en\/ceremonial-reception-on-the-occasion-of-the-idca-health-conference-at-prague-crossroads\/"},"author":{"name":"lukas_fronk","@id":"https:\/\/www.vize.cz\/#\/schema\/person\/ca7b75e730fe51fe98eab63f7762bd43"},"headline":"Ceremonial Reception on the Occasion of the IDCA Health Conference at Prague Crossroads","datePublished":"2008-06-13T14:38:22+00:00","mainEntityOfPage":{"@id":"https:\/\/www.vize.cz\/en\/ceremonial-reception-on-the-occasion-of-the-idca-health-conference-at-prague-crossroads\/"},"wordCount":117,"commentCount":0,"image":{"@id":"https:\/\/www.vize.cz\/en\/ceremonial-reception-on-the-occasion-of-the-idca-health-conference-at-prague-crossroads\/#primaryimage"},"thumbnailUrl":"https:\/\/www.vize.cz\/wp-content\/uploads\/2014\/12\/novinka-252.jpg","articleSection":["Aktuality"],"inLanguage":"en-US","potentialAction":[{"@type":"CommentAction","name":"Comment","target":["https:\/\/www.vize.cz\/en\/ceremonial-reception-on-the-occasion-of-the-idca-health-conference-at-prague-crossroads\/#respond"]}]},{"@type":"WebPage","@id":"https:\/\/www.vize.cz\/en\/ceremonial-reception-on-the-occasion-of-the-idca-health-conference-at-prague-crossroads\/","url":"https:\/\/www.vize.cz\/en\/ceremonial-reception-on-the-occasion-of-the-idca-health-conference-at-prague-crossroads\/","name":"Ceremonial Reception on the Occasion of the IDCA Health Conference at Prague Crossroads - Vize 97","isPartOf":{"@id":"https:\/\/www.vize.cz\/#website"},"primaryImageOfPage":{"@id":"https:\/\/www.vize.cz\/en\/ceremonial-reception-on-the-occasion-of-the-idca-health-conference-at-prague-crossroads\/#primaryimage"},"image":{"@id":"https:\/\/www.vize.cz\/en\/ceremonial-reception-on-the-occasion-of-the-idca-health-conference-at-prague-crossroads\/#primaryimage"},"thumbnailUrl":"https:\/\/www.vize.cz\/wp-content\/uploads\/2014\/12\/novinka-252.jpg","datePublished":"2008-06-13T14:38:22+00:00","author":{"@id":"https:\/\/www.vize.cz\/#\/schema\/person\/ca7b75e730fe51fe98eab63f7762bd43"},"breadcrumb":{"@id":"https:\/\/www.vize.cz\/en\/ceremonial-reception-on-the-occasion-of-the-idca-health-conference-at-prague-crossroads\/#breadcrumb"},"inLanguage":"en-US","potentialAction":[{"@type":"ReadAction","target":["https:\/\/www.vize.cz\/en\/ceremonial-reception-on-the-occasion-of-the-idca-health-conference-at-prague-crossroads\/"]}]},{"@type":"ImageObject","inLanguage":"en-US","@id":"https:\/\/www.vize.cz\/en\/ceremonial-reception-on-the-occasion-of-the-idca-health-conference-at-prague-crossroads\/#primaryimage","url":"https:\/\/www.vize.cz\/wp-content\/uploads\/2014\/12\/novinka-252.jpg","contentUrl":"https:\/\/www.vize.cz\/wp-content\/uploads\/2014\/12\/novinka-252.jpg","width":400,"height":600},{"@type":"BreadcrumbList","@id":"https:\/\/www.vize.cz\/en\/ceremonial-reception-on-the-occasion-of-the-idca-health-conference-at-prague-crossroads\/#breadcrumb","itemListElement":[{"@type":"ListItem","position":1,"name":"\u00davod","item":"https:\/\/www.vize.cz\/en\/"},{"@type":"ListItem","position":2,"name":"News","item":"https:\/\/www.vize.cz\/en\/category\/news-en\/"},{"@type":"ListItem","position":3,"name":"Ceremonial Reception on the Occasion of the IDCA Health Conference at Prague Crossroads"}]},{"@type":"WebSite","@id":"https:\/\/www.vize.cz\/#website","url":"https:\/\/www.vize.cz\/","name":"Vize 97","description":"","potentialAction":[{"@type":"SearchAction","target":{"@type":"EntryPoint","urlTemplate":"https:\/\/www.vize.cz\/?s={search_term_string}"},"query-input":{"@type":"PropertyValueSpecification","valueRequired":true,"valueName":"search_term_string"}}],"inLanguage":"en-US"},{"@type":"Person","@id":"https:\/\/www.vize.cz\/#\/schema\/person\/ca7b75e730fe51fe98eab63f7762bd43","name":"lukas_fronk","url":"https:\/\/www.vize.cz\/en\/author\/lukas_fronk\/"}]}},"_links":{"self":[{"href":"https:\/\/www.vize.cz\/en\/wp-json\/wp\/v2\/posts\/8417","targetHints":{"allow":["GET"]}}],"collection":[{"href":"https:\/\/www.vize.cz\/en\/wp-json\/wp\/v2\/posts"}],"about":[{"href":"https:\/\/www.vize.cz\/en\/wp-json\/wp\/v2\/types\/post"}],"author":[{"embeddable":true,"href":"https:\/\/www.vize.cz\/en\/wp-json\/wp\/v2\/users\/25"}],"replies":[{"embeddable":true,"href":"https:\/\/www.vize.cz\/en\/wp-json\/wp\/v2\/comments?post=8417"}],"version-history":[{"count":0,"href":"https:\/\/www.vize.cz\/en\/wp-json\/wp\/v2\/posts\/8417\/revisions"}],"wp:featuredmedia":[{"embeddable":true,"href":"https:\/\/www.vize.cz\/en\/wp-json\/wp\/v2\/media\/9339"}],"wp:attachment":[{"href":"https:\/\/www.vize.cz\/en\/wp-json\/wp\/v2\/media?parent=8417"}],"wp:term":[{"taxonomy":"category","embeddable":true,"href":"https:\/\/www.vize.cz\/en\/wp-json\/wp\/v2\/categories?post=8417"},{"taxonomy":"post_tag","embeddable":true,"href":"https:\/\/www.vize.cz\/en\/wp-json\/wp\/v2\/tags?post=8417"}],"curies":[{"name":"wp","href":"https:\/\/api.w.org\/{rel}","templated":true}]}}