{"id":8465,"date":"2009-07-24T10:30:42","date_gmt":"2009-07-24T09:30:42","guid":{"rendered":"http:\/\/www.vize.cz\/\/dagmar-and-vaclav-havel-awarded-the-recognition-for-the-philosophy-of-education-and-for-the-renewal-of-university-ideas\/"},"modified":"2009-07-24T10:30:42","modified_gmt":"2009-07-24T09:30:42","slug":"dagmar-and-vaclav-havel-awarded-the-recognition-for-the-philosophy-of-education-and-for-the-renewal-of-university-ideas","status":"publish","type":"post","link":"https:\/\/www.vize.cz\/en\/dagmar-and-vaclav-havel-awarded-the-recognition-for-the-philosophy-of-education-and-for-the-renewal-of-university-ideas\/","title":{"rendered":"Dagmar and V\u00e1clav Havel awarded the \u201cRecognition for the Philosophy of Education and for the Renewal of University Ideas\u201d"},"content":{"rendered":"<p>On July 24th 2009, at the domicile of the Foundation VIZE 97, Mrs. Dagmar Havlov\u00e1 and Mr. President V\u00e1clav Havel awarded the \u201cRecognition for the Philosophy of Education and for the Renewal of University Ideas\u201d to Prof. MUDr. Zde\u0148ek Ma\u0159atka, DrSc. At the age of ninety-five, Professor Ma\u0159atka, a significant gastroenterologist, has become the fifth laureate of the \u201cRecognition,\u201d which comprises of an honorary diploma by the artist Ji\u0159\u00ed Plie\u0161tika and a financial award of 97 000 Czech korunas, which symbolises the year in which The Dagmar and V\u00e1clav Havel Foundation VIZE 97 was established. \u201cRecognition\u201d is awarded annually within the scope of the project \u201cSupporting Education\u201d through which the Foundation supports the education of gifted Czech students at foreign universities, while also giving consideration to the other side of the intelligible \u201cinstitute,\u201d that is to say, significant professors.<\/p>\n<p><b>Laureates of the \u201cRecognition for the Philosophy of Education and for the Renewal of University Ideas\u201d are: <b><\/p>\n<li>2005\tProf. PhDr. Radim Palou\u0161, dr. h. c.<br \/>\n  <\/p>\n<li>2006\tPhDr. Zden\u011bk \u0160est\u00e1k<br \/>\n  <\/p>\n<li>2007\tThDr. et ThDr. h.c. Oto M\u00e1dr<br \/>\n  <\/p>\n<li>2008\tProf. RNDr. PhDr. Zden\u011bk Neubauer, CSc.<br \/>\n  <\/p>\n<li>2009  Prof. MUDr. Zde\u0148ek Ma\u0159atka, DrSc.<br \/>\n","protected":false},"excerpt":{"rendered":"<p>On July 24th 2009, at the domicile of the Foundation VIZE 97, Mrs. Dagmar Havlov\u00e1 and Mr. President V\u00e1clav Havel&#8230;<\/p>\n","protected":false},"author":25,"featured_media":9431,"comment_status":"open","ping_status":"open","sticky":false,"template":"","format":"standard","meta":{"_acf_changed":false,"footnotes":""},"categories":[1],"tags":[],"class_list":["post-8465","post","type-post","status-publish","format-standard","has-post-thumbnail","hentry","category-aktuality"],"acf":[],"yoast_head":"<!-- This site is optimized with the Yoast SEO plugin v26.7 - https:\/\/yoast.com\/wordpress\/plugins\/seo\/ -->\n<title>Dagmar and V\u00e1clav Havel awarded the \u201cRecognition for the Philosophy of Education and for the Renewal of University Ideas\u201d  - Vize 97<\/title>\n<meta name=\"robots\" content=\"index, follow, max-snippet:-1, max-image-preview:large, max-video-preview:-1\" \/>\n<link rel=\"canonical\" href=\"https:\/\/www.vize.cz\/en\/dagmar-and-vaclav-havel-awarded-the-recognition-for-the-philosophy-of-education-and-for-the-renewal-of-university-ideas\/\" \/>\n<meta property=\"og:locale\" content=\"en_US\" \/>\n<meta property=\"og:type\" content=\"article\" \/>\n<meta property=\"og:title\" content=\"Dagmar and V\u00e1clav Havel awarded the \u201cRecognition for the Philosophy of Education and for the Renewal of University Ideas\u201d  - Vize 97\" \/>\n<meta property=\"og:description\" content=\"On July 24th 2009, at the domicile of the Foundation VIZE 97, Mrs. Dagmar Havlov\u00e1 and Mr. President V\u00e1clav Havel...\" \/>\n<meta property=\"og:url\" content=\"https:\/\/www.vize.cz\/en\/dagmar-and-vaclav-havel-awarded-the-recognition-for-the-philosophy-of-education-and-for-the-renewal-of-university-ideas\/\" \/>\n<meta property=\"og:site_name\" content=\"Vize 97\" \/>\n<meta property=\"article:published_time\" content=\"2009-07-24T09:30:42+00:00\" \/>\n<meta property=\"og:image\" content=\"https:\/\/www.vize.cz\/wp-content\/uploads\/2014\/12\/novinka-355.jpg\" \/>\n\t<meta property=\"og:image:width\" content=\"800\" \/>\n\t<meta property=\"og:image:height\" content=\"600\" \/>\n\t<meta property=\"og:image:type\" content=\"image\/jpeg\" \/>\n<meta name=\"author\" content=\"lukas_fronk\" \/>\n<meta name=\"twitter:label1\" content=\"Written by\" \/>\n\t<meta name=\"twitter:data1\" content=\"lukas_fronk\" \/>\n\t<meta name=\"twitter:label2\" content=\"Est. reading time\" \/>\n\t<meta name=\"twitter:data2\" content=\"1 minute\" \/>\n<script type=\"application\/ld+json\" class=\"yoast-schema-graph\">{\"@context\":\"https:\/\/schema.org\",\"@graph\":[{\"@type\":\"Article\",\"@id\":\"https:\/\/www.vize.cz\/en\/dagmar-and-vaclav-havel-awarded-the-recognition-for-the-philosophy-of-education-and-for-the-renewal-of-university-ideas\/#article\",\"isPartOf\":{\"@id\":\"https:\/\/www.vize.cz\/en\/dagmar-and-vaclav-havel-awarded-the-recognition-for-the-philosophy-of-education-and-for-the-renewal-of-university-ideas\/\"},\"author\":{\"name\":\"lukas_fronk\",\"@id\":\"https:\/\/www.vize.cz\/#\/schema\/person\/ca7b75e730fe51fe98eab63f7762bd43\"},\"headline\":\"Dagmar and V\u00e1clav Havel awarded the \u201cRecognition for the Philosophy of Education and for the Renewal of University Ideas\u201d\",\"datePublished\":\"2009-07-24T09:30:42+00:00\",\"mainEntityOfPage\":{\"@id\":\"https:\/\/www.vize.cz\/en\/dagmar-and-vaclav-havel-awarded-the-recognition-for-the-philosophy-of-education-and-for-the-renewal-of-university-ideas\/\"},\"wordCount\":211,\"commentCount\":0,\"image\":{\"@id\":\"https:\/\/www.vize.cz\/en\/dagmar-and-vaclav-havel-awarded-the-recognition-for-the-philosophy-of-education-and-for-the-renewal-of-university-ideas\/#primaryimage\"},\"thumbnailUrl\":\"https:\/\/www.vize.cz\/wp-content\/uploads\/2014\/12\/novinka-355.jpg\",\"articleSection\":[\"Aktuality\"],\"inLanguage\":\"en-US\",\"potentialAction\":[{\"@type\":\"CommentAction\",\"name\":\"Comment\",\"target\":[\"https:\/\/www.vize.cz\/en\/dagmar-and-vaclav-havel-awarded-the-recognition-for-the-philosophy-of-education-and-for-the-renewal-of-university-ideas\/#respond\"]}]},{\"@type\":\"WebPage\",\"@id\":\"https:\/\/www.vize.cz\/en\/dagmar-and-vaclav-havel-awarded-the-recognition-for-the-philosophy-of-education-and-for-the-renewal-of-university-ideas\/\",\"url\":\"https:\/\/www.vize.cz\/en\/dagmar-and-vaclav-havel-awarded-the-recognition-for-the-philosophy-of-education-and-for-the-renewal-of-university-ideas\/\",\"name\":\"Dagmar and V\u00e1clav Havel awarded the \u201cRecognition for the Philosophy of Education and for the Renewal of University Ideas\u201d - Vize 97\",\"isPartOf\":{\"@id\":\"https:\/\/www.vize.cz\/#website\"},\"primaryImageOfPage\":{\"@id\":\"https:\/\/www.vize.cz\/en\/dagmar-and-vaclav-havel-awarded-the-recognition-for-the-philosophy-of-education-and-for-the-renewal-of-university-ideas\/#primaryimage\"},\"image\":{\"@id\":\"https:\/\/www.vize.cz\/en\/dagmar-and-vaclav-havel-awarded-the-recognition-for-the-philosophy-of-education-and-for-the-renewal-of-university-ideas\/#primaryimage\"},\"thumbnailUrl\":\"https:\/\/www.vize.cz\/wp-content\/uploads\/2014\/12\/novinka-355.jpg\",\"datePublished\":\"2009-07-24T09:30:42+00:00\",\"author\":{\"@id\":\"https:\/\/www.vize.cz\/#\/schema\/person\/ca7b75e730fe51fe98eab63f7762bd43\"},\"breadcrumb\":{\"@id\":\"https:\/\/www.vize.cz\/en\/dagmar-and-vaclav-havel-awarded-the-recognition-for-the-philosophy-of-education-and-for-the-renewal-of-university-ideas\/#breadcrumb\"},\"inLanguage\":\"en-US\",\"potentialAction\":[{\"@type\":\"ReadAction\",\"target\":[\"https:\/\/www.vize.cz\/en\/dagmar-and-vaclav-havel-awarded-the-recognition-for-the-philosophy-of-education-and-for-the-renewal-of-university-ideas\/\"]}]},{\"@type\":\"ImageObject\",\"inLanguage\":\"en-US\",\"@id\":\"https:\/\/www.vize.cz\/en\/dagmar-and-vaclav-havel-awarded-the-recognition-for-the-philosophy-of-education-and-for-the-renewal-of-university-ideas\/#primaryimage\",\"url\":\"https:\/\/www.vize.cz\/wp-content\/uploads\/2014\/12\/novinka-355.jpg\",\"contentUrl\":\"https:\/\/www.vize.cz\/wp-content\/uploads\/2014\/12\/novinka-355.jpg\",\"width\":800,\"height\":600},{\"@type\":\"BreadcrumbList\",\"@id\":\"https:\/\/www.vize.cz\/en\/dagmar-and-vaclav-havel-awarded-the-recognition-for-the-philosophy-of-education-and-for-the-renewal-of-university-ideas\/#breadcrumb\",\"itemListElement\":[{\"@type\":\"ListItem\",\"position\":1,\"name\":\"\u00davod\",\"item\":\"https:\/\/www.vize.cz\/en\/\"},{\"@type\":\"ListItem\",\"position\":2,\"name\":\"News\",\"item\":\"https:\/\/www.vize.cz\/en\/category\/news-en\/\"},{\"@type\":\"ListItem\",\"position\":3,\"name\":\"Dagmar and V\u00e1clav Havel awarded the \u201cRecognition for the Philosophy of Education and for the Renewal of University Ideas\u201d\"}]},{\"@type\":\"WebSite\",\"@id\":\"https:\/\/www.vize.cz\/#website\",\"url\":\"https:\/\/www.vize.cz\/\",\"name\":\"Vize 97\",\"description\":\"\",\"potentialAction\":[{\"@type\":\"SearchAction\",\"target\":{\"@type\":\"EntryPoint\",\"urlTemplate\":\"https:\/\/www.vize.cz\/?s={search_term_string}\"},\"query-input\":{\"@type\":\"PropertyValueSpecification\",\"valueRequired\":true,\"valueName\":\"search_term_string\"}}],\"inLanguage\":\"en-US\"},{\"@type\":\"Person\",\"@id\":\"https:\/\/www.vize.cz\/#\/schema\/person\/ca7b75e730fe51fe98eab63f7762bd43\",\"name\":\"lukas_fronk\",\"url\":\"https:\/\/www.vize.cz\/en\/author\/lukas_fronk\/\"}]}<\/script>\n<!-- \/ Yoast SEO plugin. -->","yoast_head_json":{"title":"Dagmar and V\u00e1clav Havel awarded the \u201cRecognition for the Philosophy of Education and for the Renewal of University Ideas\u201d  - Vize 97","robots":{"index":"index","follow":"follow","max-snippet":"max-snippet:-1","max-image-preview":"max-image-preview:large","max-video-preview":"max-video-preview:-1"},"canonical":"https:\/\/www.vize.cz\/en\/dagmar-and-vaclav-havel-awarded-the-recognition-for-the-philosophy-of-education-and-for-the-renewal-of-university-ideas\/","og_locale":"en_US","og_type":"article","og_title":"Dagmar and V\u00e1clav Havel awarded the \u201cRecognition for the Philosophy of Education and for the Renewal of University Ideas\u201d  - Vize 97","og_description":"On July 24th 2009, at the domicile of the Foundation VIZE 97, Mrs. Dagmar Havlov\u00e1 and Mr. President V\u00e1clav Havel...","og_url":"https:\/\/www.vize.cz\/en\/dagmar-and-vaclav-havel-awarded-the-recognition-for-the-philosophy-of-education-and-for-the-renewal-of-university-ideas\/","og_site_name":"Vize 97","article_published_time":"2009-07-24T09:30:42+00:00","og_image":[{"width":800,"height":600,"url":"https:\/\/www.vize.cz\/wp-content\/uploads\/2014\/12\/novinka-355.jpg","type":"image\/jpeg"}],"author":"lukas_fronk","twitter_misc":{"Written by":"lukas_fronk","Est. reading time":"1 minute"},"schema":{"@context":"https:\/\/schema.org","@graph":[{"@type":"Article","@id":"https:\/\/www.vize.cz\/en\/dagmar-and-vaclav-havel-awarded-the-recognition-for-the-philosophy-of-education-and-for-the-renewal-of-university-ideas\/#article","isPartOf":{"@id":"https:\/\/www.vize.cz\/en\/dagmar-and-vaclav-havel-awarded-the-recognition-for-the-philosophy-of-education-and-for-the-renewal-of-university-ideas\/"},"author":{"name":"lukas_fronk","@id":"https:\/\/www.vize.cz\/#\/schema\/person\/ca7b75e730fe51fe98eab63f7762bd43"},"headline":"Dagmar and V\u00e1clav Havel awarded the \u201cRecognition for the Philosophy of Education and for the Renewal of University Ideas\u201d","datePublished":"2009-07-24T09:30:42+00:00","mainEntityOfPage":{"@id":"https:\/\/www.vize.cz\/en\/dagmar-and-vaclav-havel-awarded-the-recognition-for-the-philosophy-of-education-and-for-the-renewal-of-university-ideas\/"},"wordCount":211,"commentCount":0,"image":{"@id":"https:\/\/www.vize.cz\/en\/dagmar-and-vaclav-havel-awarded-the-recognition-for-the-philosophy-of-education-and-for-the-renewal-of-university-ideas\/#primaryimage"},"thumbnailUrl":"https:\/\/www.vize.cz\/wp-content\/uploads\/2014\/12\/novinka-355.jpg","articleSection":["Aktuality"],"inLanguage":"en-US","potentialAction":[{"@type":"CommentAction","name":"Comment","target":["https:\/\/www.vize.cz\/en\/dagmar-and-vaclav-havel-awarded-the-recognition-for-the-philosophy-of-education-and-for-the-renewal-of-university-ideas\/#respond"]}]},{"@type":"WebPage","@id":"https:\/\/www.vize.cz\/en\/dagmar-and-vaclav-havel-awarded-the-recognition-for-the-philosophy-of-education-and-for-the-renewal-of-university-ideas\/","url":"https:\/\/www.vize.cz\/en\/dagmar-and-vaclav-havel-awarded-the-recognition-for-the-philosophy-of-education-and-for-the-renewal-of-university-ideas\/","name":"Dagmar and V\u00e1clav Havel awarded the \u201cRecognition for the Philosophy of Education and for the Renewal of University Ideas\u201d - Vize 97","isPartOf":{"@id":"https:\/\/www.vize.cz\/#website"},"primaryImageOfPage":{"@id":"https:\/\/www.vize.cz\/en\/dagmar-and-vaclav-havel-awarded-the-recognition-for-the-philosophy-of-education-and-for-the-renewal-of-university-ideas\/#primaryimage"},"image":{"@id":"https:\/\/www.vize.cz\/en\/dagmar-and-vaclav-havel-awarded-the-recognition-for-the-philosophy-of-education-and-for-the-renewal-of-university-ideas\/#primaryimage"},"thumbnailUrl":"https:\/\/www.vize.cz\/wp-content\/uploads\/2014\/12\/novinka-355.jpg","datePublished":"2009-07-24T09:30:42+00:00","author":{"@id":"https:\/\/www.vize.cz\/#\/schema\/person\/ca7b75e730fe51fe98eab63f7762bd43"},"breadcrumb":{"@id":"https:\/\/www.vize.cz\/en\/dagmar-and-vaclav-havel-awarded-the-recognition-for-the-philosophy-of-education-and-for-the-renewal-of-university-ideas\/#breadcrumb"},"inLanguage":"en-US","potentialAction":[{"@type":"ReadAction","target":["https:\/\/www.vize.cz\/en\/dagmar-and-vaclav-havel-awarded-the-recognition-for-the-philosophy-of-education-and-for-the-renewal-of-university-ideas\/"]}]},{"@type":"ImageObject","inLanguage":"en-US","@id":"https:\/\/www.vize.cz\/en\/dagmar-and-vaclav-havel-awarded-the-recognition-for-the-philosophy-of-education-and-for-the-renewal-of-university-ideas\/#primaryimage","url":"https:\/\/www.vize.cz\/wp-content\/uploads\/2014\/12\/novinka-355.jpg","contentUrl":"https:\/\/www.vize.cz\/wp-content\/uploads\/2014\/12\/novinka-355.jpg","width":800,"height":600},{"@type":"BreadcrumbList","@id":"https:\/\/www.vize.cz\/en\/dagmar-and-vaclav-havel-awarded-the-recognition-for-the-philosophy-of-education-and-for-the-renewal-of-university-ideas\/#breadcrumb","itemListElement":[{"@type":"ListItem","position":1,"name":"\u00davod","item":"https:\/\/www.vize.cz\/en\/"},{"@type":"ListItem","position":2,"name":"News","item":"https:\/\/www.vize.cz\/en\/category\/news-en\/"},{"@type":"ListItem","position":3,"name":"Dagmar and V\u00e1clav Havel awarded the \u201cRecognition for the Philosophy of Education and for the Renewal of University Ideas\u201d"}]},{"@type":"WebSite","@id":"https:\/\/www.vize.cz\/#website","url":"https:\/\/www.vize.cz\/","name":"Vize 97","description":"","potentialAction":[{"@type":"SearchAction","target":{"@type":"EntryPoint","urlTemplate":"https:\/\/www.vize.cz\/?s={search_term_string}"},"query-input":{"@type":"PropertyValueSpecification","valueRequired":true,"valueName":"search_term_string"}}],"inLanguage":"en-US"},{"@type":"Person","@id":"https:\/\/www.vize.cz\/#\/schema\/person\/ca7b75e730fe51fe98eab63f7762bd43","name":"lukas_fronk","url":"https:\/\/www.vize.cz\/en\/author\/lukas_fronk\/"}]}},"_links":{"self":[{"href":"https:\/\/www.vize.cz\/en\/wp-json\/wp\/v2\/posts\/8465","targetHints":{"allow":["GET"]}}],"collection":[{"href":"https:\/\/www.vize.cz\/en\/wp-json\/wp\/v2\/posts"}],"about":[{"href":"https:\/\/www.vize.cz\/en\/wp-json\/wp\/v2\/types\/post"}],"author":[{"embeddable":true,"href":"https:\/\/www.vize.cz\/en\/wp-json\/wp\/v2\/users\/25"}],"replies":[{"embeddable":true,"href":"https:\/\/www.vize.cz\/en\/wp-json\/wp\/v2\/comments?post=8465"}],"version-history":[{"count":0,"href":"https:\/\/www.vize.cz\/en\/wp-json\/wp\/v2\/posts\/8465\/revisions"}],"wp:featuredmedia":[{"embeddable":true,"href":"https:\/\/www.vize.cz\/en\/wp-json\/wp\/v2\/media\/9431"}],"wp:attachment":[{"href":"https:\/\/www.vize.cz\/en\/wp-json\/wp\/v2\/media?parent=8465"}],"wp:term":[{"taxonomy":"category","embeddable":true,"href":"https:\/\/www.vize.cz\/en\/wp-json\/wp\/v2\/categories?post=8465"},{"taxonomy":"post_tag","embeddable":true,"href":"https:\/\/www.vize.cz\/en\/wp-json\/wp\/v2\/tags?post=8465"}],"curies":[{"name":"wp","href":"https:\/\/api.w.org\/{rel}","templated":true}]}}